{"id":25795,"date":"2024-07-25T06:08:06","date_gmt":"2024-07-25T06:08:06","guid":{"rendered":"https:\/\/niseusgroup.com\/?p=25795"},"modified":"2025-03-28T09:16:42","modified_gmt":"2025-03-28T09:16:42","slug":"rent-mercedes-viano-in-ibiza","status":"publish","type":"post","link":"https:\/\/niseusgroup.com\/es\/blog\/rent-mercedes-viano-in-ibiza\/","title":{"rendered":"Alquilar Mercedes Viano en Ibiza"},"content":{"rendered":"<p>Cuando se trata de viajar con estilo y comodidad, <strong>alquiler de Mercedes Viano en Ibiza <\/strong>con el Grupo Niseus es una elecci\u00f3n sin igual. Tanto si est\u00e1 explorando las impresionantes playas, la vibrante vida nocturna o simplemente disfrutando de una conducci\u00f3n serena a trav\u00e9s de los pintorescos paisajes de Ibiza, el Mercedes Viano le garantiza que lo har\u00e1 con el m\u00e1ximo lujo y comodidad.<\/p>\n\n\n\n<h2 class=\"wp-block-heading\">C\u00f3mo reservar su Mercedes Viano<\/h2>\n\n\n\n<p>Reservar su Mercedes Viano con Grupo Niseus es sencillo y sin complicaciones:<\/p>\n\n\n\n<ol class=\"wp-block-list\">\n<li><strong>Visita nuestra web<\/strong>: Navegue por nuestra selecci\u00f3n de veh\u00edculos y elija el Mercedes Viano.<\/li>\n\n\n\n<li><strong>Cont\u00e1ctanos<\/strong>: Rellene el formulario de contacto o ll\u00e1menos directamente para hablar de sus necesidades y finalizar su reserva.<\/li>\n\n\n\n<li><strong>Confirmaci\u00f3n<\/strong>: Una vez confirmada su reserva, nos aseguraremos de que su veh\u00edculo est\u00e9 listo para usted a la hora y en el lugar especificados.<\/li>\n<\/ol>\n\n\n\n<div class=\"wp-block-buttons is-content-justification-center is-layout-flex wp-container-core-buttons-is-layout-16018d1d wp-block-buttons-is-layout-flex\">\n<div class=\"wp-block-button\"><a class=\"wp-block-button__link has-black-color has-pale-cyan-blue-background-color has-text-color has-background has-link-color wp-element-button\" href=\"https:\/\/niseusgroup.com\/es\/#contact\"><strong>Reserva ahora<\/strong><\/a><\/div>\n<\/div>\n\n\n\n<div class=\"wp-block-columns is-layout-flex wp-container-core-columns-is-layout-9d6595d7 wp-block-columns-is-layout-flex\">\n<div class=\"wp-block-column is-layout-flow wp-block-column-is-layout-flow\">\n<figure class=\"wp-block-image size-full\"><img fetchpriority=\"high\" decoding=\"async\" width=\"500\" height=\"400\" src=\"https:\/\/niseusgroup.com\/wp-content\/uploads\/2024\/07\/rental-mercedes-vito-ibiza.jpg\" alt=\"rental mercedes vito ibiza\" class=\"wp-image-25802\" srcset=\"https:\/\/niseusgroup.com\/wp-content\/uploads\/2024\/07\/rental-mercedes-vito-ibiza.jpg 500w, https:\/\/niseusgroup.com\/wp-content\/uploads\/2024\/07\/rental-mercedes-vito-ibiza-375x300.jpg 375w, https:\/\/niseusgroup.com\/wp-content\/uploads\/2024\/07\/rental-mercedes-vito-ibiza-15x12.jpg 15w\" sizes=\"(max-width: 500px) 100vw, 500px\" \/><\/figure>\n<\/div>\n\n\n\n<div class=\"wp-block-column is-layout-flow wp-block-column-is-layout-flow\">\n<figure class=\"wp-block-image size-full\"><img decoding=\"async\" width=\"500\" height=\"400\" src=\"https:\/\/niseusgroup.com\/wp-content\/uploads\/2024\/07\/rental-mercedes-ibiza.jpg\" alt=\"rental mercedes ibiza\" class=\"wp-image-25800\" srcset=\"https:\/\/niseusgroup.com\/wp-content\/uploads\/2024\/07\/rental-mercedes-ibiza.jpg 500w, https:\/\/niseusgroup.com\/wp-content\/uploads\/2024\/07\/rental-mercedes-ibiza-375x300.jpg 375w, https:\/\/niseusgroup.com\/wp-content\/uploads\/2024\/07\/rental-mercedes-ibiza-15x12.jpg 15w\" sizes=\"(max-width: 500px) 100vw, 500px\" \/><\/figure>\n<\/div>\n\n\n\n<div class=\"wp-block-column is-layout-flow wp-block-column-is-layout-flow\">\n<figure class=\"wp-block-image size-full\"><img decoding=\"async\" width=\"500\" height=\"400\" src=\"https:\/\/niseusgroup.com\/wp-content\/uploads\/2024\/07\/rental-mercedes-viano-interior.jpg\" alt=\"rental mercedes viano interior\" class=\"wp-image-25801\" srcset=\"https:\/\/niseusgroup.com\/wp-content\/uploads\/2024\/07\/rental-mercedes-viano-interior.jpg 500w, https:\/\/niseusgroup.com\/wp-content\/uploads\/2024\/07\/rental-mercedes-viano-interior-375x300.jpg 375w, https:\/\/niseusgroup.com\/wp-content\/uploads\/2024\/07\/rental-mercedes-viano-interior-15x12.jpg 15w\" sizes=\"(max-width: 500px) 100vw, 500px\" \/><\/figure>\n<\/div>\n<\/div>\n\n\n\n<div style=\"height:30px\" aria-hidden=\"true\" class=\"wp-block-spacer\"><\/div>\n\n\n\n<h2 class=\"wp-block-heading\">\u00bfPor qu\u00e9 elegir un Mercedes-Benz Viano?<\/h2>\n\n\n\n<p>El Mercedes Viano destaca como un veh\u00edculo excepcional por varias razones:<\/p>\n\n\n\n<ol class=\"wp-block-list\">\n<li><strong>Interior espacioso<\/strong>: Con un amplio espacio para acomodar hasta 8 pasajeros, el Viano es perfecto para familias, grupos de amigos o equipos corporativos. El espacioso interior garantiza que todos viajen c\u00f3modamente.<\/li>\n\n\n\n<li><strong>Premium comfort<\/strong>: El Viano est\u00e1 equipado con lujosos asientos de cuero, climatizador avanzado y sistemas de entretenimiento de \u00faltima generaci\u00f3n, para que cada viaje sea un placer.<\/li>\n\n\n\n<li><strong>Funciones de seguridad avanzadas<\/strong>: Mercedes-Benz da prioridad a la seguridad. El Viano viene con caracter\u00edsticas de seguridad de vanguardia, incluyendo control de crucero adaptativo, asistente de mantenimiento de carril y m\u00faltiples airbags.<\/li>\n\n\n\n<li><strong>Potente rendimiento<\/strong>: Con un motor robusto y un manejo suave, el Viano ofrece una experiencia de conducci\u00f3n potente pero refinada.<\/li>\n<\/ol>\n\n\n\n<h2 class=\"wp-block-heading\">\u00bfPor qu\u00e9 alquilar un Mercedes en Ibiza?<\/h2>\n\n\n\n<p><strong>Ibiza <\/strong>es conocida por su glamuroso estilo de vida y sus impresionantes paisajes. A continuaci\u00f3n te explicamos por qu\u00e9 alquilar un Mercedes Viano mejora tu experiencia en Ibiza:<\/p>\n\n\n\n<ol class=\"wp-block-list\">\n<li><strong>Lujo y confort<\/strong>: Viaje por Ibiza en el ep\u00edtome del lujo. Tanto si te diriges a un club de playa como a un restaurante de lujo, llega con estilo.<\/li>\n\n\n\n<li><strong>Espacioso<\/strong>: El generoso espacio del Viano garantiza que, incluso con equipaje o bolsas de la compra, haya sitio de sobra para todos.<\/li>\n\n\n\n<li><strong>Servicio exclusivo y discreto<\/strong>: En Niseus Group, entendemos la necesidad de privacidad y discreci\u00f3n. Nuestro servicio garantiza que su viaje siga siendo exclusivo y confidencial.<\/li>\n\n\n\n<li><strong>Versatilidad<\/strong>: Desde traslados al aeropuerto hasta explorar las joyas ocultas de la isla, el Viano es lo suficientemente vers\u00e1til para cualquier ocasi\u00f3n.<\/li>\n<\/ol>\n\n\n\n<p>Niseus Group se enorgullece de ofrecer un servicio exclusivo y discreto adaptado a sus necesidades. Nuestro equipo se dedica a garantizar que su experiencia sea perfecta de principio a fin. Tanto si se trata de una reserva de \u00faltima hora como de una petici\u00f3n especial, nos esforzamos por superar sus expectativas.<\/p>\n\n\n\n<div class=\"wp-block-buttons is-content-justification-center is-layout-flex wp-container-core-buttons-is-layout-16018d1d wp-block-buttons-is-layout-flex\">\n<div class=\"wp-block-button\"><a class=\"wp-block-button__link has-black-color has-pale-cyan-blue-background-color has-text-color has-background has-link-color wp-element-button\" href=\"https:\/\/niseusgroup.com\/es\/#contact\"><strong>Reserva ahora<\/strong><\/a><\/div>\n<\/div>\n\n\n\n<h3 class=\"wp-block-heading\">Servicios adicionales ofrecidos<\/h3>\n\n\n\n<ul class=\"wp-block-list\">\n<li><strong>Ch\u00f3fer privado<\/strong>: Eleve su experiencia con nuestro servicio de ch\u00f3fer profesional. Nuestros experimentados ch\u00f3feres conocen Ibiza a fondo y pueden ofrecerte ideas y recomendaciones para tu viaje.<\/li>\n\n\n\n<li><strong>Rutas personalizadas<\/strong>: Podemos ayudarle a planificar su itinerario, asegur\u00e1ndonos de que visita los mejores lugares de Ibiza sin ninguna molestia.<\/li>\n<\/ul>\n\n\n<div class=\"wp-block-image\">\n<figure class=\"aligncenter size-full is-resized\"><img loading=\"lazy\" decoding=\"async\" width=\"1000\" height=\"665\" src=\"https:\/\/niseusgroup.com\/wp-content\/uploads\/2024\/07\/private-driver-ibiza.jpg\" alt=\"private driver ibiza\" class=\"wp-image-25781\" style=\"width:477px;height:auto\" srcset=\"https:\/\/niseusgroup.com\/wp-content\/uploads\/2024\/07\/private-driver-ibiza.jpg 1000w, https:\/\/niseusgroup.com\/wp-content\/uploads\/2024\/07\/private-driver-ibiza-400x266.jpg 400w, https:\/\/niseusgroup.com\/wp-content\/uploads\/2024\/07\/private-driver-ibiza-768x511.jpg 768w, https:\/\/niseusgroup.com\/wp-content\/uploads\/2024\/07\/private-driver-ibiza-18x12.jpg 18w\" sizes=\"(max-width: 1000px) 100vw, 1000px\" \/><\/figure>\n<\/div>\n\n\n<h2 class=\"wp-block-heading\">Otros modelos Mercedes y veh\u00edculos de lujo<\/h2>\n\n\n\n<p>Aunque el Mercedes Viano es una excelente opci\u00f3n, el Grupo Niseus tambi\u00e9n ofrece una gama de otros veh\u00edculos de lujo que se adaptan a sus preferencias:<\/p>\n\n\n\n<ol class=\"wp-block-list\">\n<li><strong>Mercedes Clase S<\/strong>: Para quienes buscan lo \u00faltimo en berlinas de lujo, la Clase S ofrece una elegancia y un confort inigualables.<\/li>\n\n\n\n<li><strong>Mercedes Clase G<\/strong>: Ideal para aquellos que desean una mezcla de lujo y robustez, perfecto para explorar las zonas m\u00e1s remotas de Ibiza.<\/li>\n\n\n\n<li><strong>Mercedes Clase E<\/strong>: Una opci\u00f3n vers\u00e1til para quienes desean un equilibrio entre prestaciones y lujo.<\/li>\n\n\n\n<li><strong>SUV y deportivos de lujo<\/strong>: Adem\u00e1s de los modelos Mercedes, ofrecemos una gama de SUV y deportivos de gama alta para satisfacer sus necesidades espec\u00edficas.<\/li>\n<\/ol>\n\n\n\n<h4 class=\"wp-block-heading\">Cont\u00e1ctenos<\/h4>\n\n\n\n<p>\u00bfListo para experimentar lo mejor de Ibiza en un Mercedes Viano? P\u00f3ngase en contacto con Niseus Group hoy mismo y deje que nos encarguemos de sus necesidades de transporte de lujo.<\/p>\n\n\n\n<div class=\"wp-block-buttons is-content-justification-center is-layout-flex wp-container-core-buttons-is-layout-16018d1d wp-block-buttons-is-layout-flex\">\n<div class=\"wp-block-button\"><a class=\"wp-block-button__link has-black-color has-pale-cyan-blue-background-color has-text-color has-background has-link-color wp-element-button\" href=\"https:\/\/niseusgroup.com\/es\/#contact\"><strong>Reserva ahora<\/strong><\/a><\/div>\n<\/div>","protected":false},"excerpt":{"rendered":"<p>When it comes to traveling in style and comfort, renting a Mercedes Viano in Ibiza with Niseus Group is an<\/p>","protected":false},"author":1,"featured_media":25798,"comment_status":"open","ping_status":"open","sticky":false,"template":"","format":"standard","meta":{"footnotes":""},"categories":[77],"tags":[],"class_list":["post-25795","post","type-post","status-publish","format-standard","has-post-thumbnail","hentry","category-blog"],"yoast_head":"<!-- This site is optimized with the Yoast SEO plugin v22.8 - https:\/\/yoast.com\/wordpress\/plugins\/seo\/ -->\n<title>Rent a Mercedes Viano in Ibiza - Niseus Group<\/title>\n<meta name=\"description\" content=\"Rent a Mercedes Benz Viano or Vito in Ibiza, choose the days and chauffeur service. Contact us for prices S-Class, G-Class, E-Class.\" \/>\n<meta name=\"robots\" content=\"index, follow, max-snippet:-1, max-image-preview:large, max-video-preview:-1\" \/>\n<link rel=\"canonical\" href=\"https:\/\/niseusgroup.com\/es\/blog\/rent-mercedes-viano-in-ibiza\/\" \/>\n<meta property=\"og:locale\" content=\"es_ES\" \/>\n<meta property=\"og:type\" content=\"article\" \/>\n<meta property=\"og:title\" content=\"Rent a Mercedes Viano in Ibiza - Niseus Group\" \/>\n<meta property=\"og:description\" content=\"Rent a Mercedes Benz Viano or Vito in Ibiza, choose the days and chauffeur service. Contact us for prices S-Class, G-Class, E-Class.\" \/>\n<meta property=\"og:url\" content=\"https:\/\/niseusgroup.com\/es\/blog\/rent-mercedes-viano-in-ibiza\/\" \/>\n<meta property=\"og:site_name\" content=\"Niseus Group\" \/>\n<meta property=\"article:publisher\" content=\"https:\/\/facebook.com\/niseusgroup\" \/>\n<meta property=\"article:published_time\" content=\"2024-07-25T06:08:06+00:00\" \/>\n<meta property=\"article:modified_time\" content=\"2025-03-28T09:16:42+00:00\" \/>\n<meta property=\"og:image\" content=\"https:\/\/niseusgroup.com\/wp-content\/uploads\/2024\/07\/rental-mercedes-viano-ibiza.jpg\" \/>\n\t<meta property=\"og:image:width\" content=\"1000\" \/>\n\t<meta property=\"og:image:height\" content=\"500\" \/>\n\t<meta property=\"og:image:type\" content=\"image\/jpeg\" \/>\n<meta name=\"author\" content=\"Alejandro\" \/>\n<meta name=\"twitter:card\" content=\"summary_large_image\" \/>\n<meta name=\"twitter:label1\" content=\"Escrito por\" \/>\n\t<meta name=\"twitter:data1\" content=\"Alejandro\" \/>\n\t<meta name=\"twitter:label2\" content=\"Tiempo de lectura\" \/>\n\t<meta name=\"twitter:data2\" content=\"4 minutos\" \/>\n<script type=\"application\/ld+json\" class=\"yoast-schema-graph\">{\"@context\":\"https:\/\/schema.org\",\"@graph\":[{\"@type\":\"Article\",\"@id\":\"https:\/\/niseusgroup.com\/blog\/rent-mercedes-viano-in-ibiza\/#article\",\"isPartOf\":{\"@id\":\"https:\/\/niseusgroup.com\/blog\/rent-mercedes-viano-in-ibiza\/\"},\"author\":{\"name\":\"Alejandro\",\"@id\":\"https:\/\/niseusgroup.com\/#\/schema\/person\/9d9d551cadb17a30538183cb35b4999d\"},\"headline\":\"Rent a Mercedes Viano in Ibiza\",\"datePublished\":\"2024-07-25T06:08:06+00:00\",\"dateModified\":\"2025-03-28T09:16:42+00:00\",\"mainEntityOfPage\":{\"@id\":\"https:\/\/niseusgroup.com\/blog\/rent-mercedes-viano-in-ibiza\/\"},\"wordCount\":593,\"commentCount\":0,\"publisher\":{\"@id\":\"https:\/\/niseusgroup.com\/#organization\"},\"image\":{\"@id\":\"https:\/\/niseusgroup.com\/blog\/rent-mercedes-viano-in-ibiza\/#primaryimage\"},\"thumbnailUrl\":\"https:\/\/niseusgroup.com\/wp-content\/uploads\/2024\/07\/rental-mercedes-viano-ibiza.jpg\",\"articleSection\":[\"Blog\"],\"inLanguage\":\"es\",\"potentialAction\":[{\"@type\":\"CommentAction\",\"name\":\"Comment\",\"target\":[\"https:\/\/niseusgroup.com\/blog\/rent-mercedes-viano-in-ibiza\/#respond\"]}]},{\"@type\":\"WebPage\",\"@id\":\"https:\/\/niseusgroup.com\/blog\/rent-mercedes-viano-in-ibiza\/\",\"url\":\"https:\/\/niseusgroup.com\/blog\/rent-mercedes-viano-in-ibiza\/\",\"name\":\"Rent a Mercedes Viano in Ibiza - Niseus Group\",\"isPartOf\":{\"@id\":\"https:\/\/niseusgroup.com\/#website\"},\"primaryImageOfPage\":{\"@id\":\"https:\/\/niseusgroup.com\/blog\/rent-mercedes-viano-in-ibiza\/#primaryimage\"},\"image\":{\"@id\":\"https:\/\/niseusgroup.com\/blog\/rent-mercedes-viano-in-ibiza\/#primaryimage\"},\"thumbnailUrl\":\"https:\/\/niseusgroup.com\/wp-content\/uploads\/2024\/07\/rental-mercedes-viano-ibiza.jpg\",\"datePublished\":\"2024-07-25T06:08:06+00:00\",\"dateModified\":\"2025-03-28T09:16:42+00:00\",\"description\":\"Rent a Mercedes Benz Viano or Vito in Ibiza, choose the days and chauffeur service. Contact us for prices S-Class, G-Class, E-Class.\",\"breadcrumb\":{\"@id\":\"https:\/\/niseusgroup.com\/blog\/rent-mercedes-viano-in-ibiza\/#breadcrumb\"},\"inLanguage\":\"es\",\"potentialAction\":[{\"@type\":\"ReadAction\",\"target\":[\"https:\/\/niseusgroup.com\/blog\/rent-mercedes-viano-in-ibiza\/\"]}]},{\"@type\":\"ImageObject\",\"inLanguage\":\"es\",\"@id\":\"https:\/\/niseusgroup.com\/blog\/rent-mercedes-viano-in-ibiza\/#primaryimage\",\"url\":\"https:\/\/niseusgroup.com\/wp-content\/uploads\/2024\/07\/rental-mercedes-viano-ibiza.jpg\",\"contentUrl\":\"https:\/\/niseusgroup.com\/wp-content\/uploads\/2024\/07\/rental-mercedes-viano-ibiza.jpg\",\"width\":1000,\"height\":500},{\"@type\":\"BreadcrumbList\",\"@id\":\"https:\/\/niseusgroup.com\/blog\/rent-mercedes-viano-in-ibiza\/#breadcrumb\",\"itemListElement\":[{\"@type\":\"ListItem\",\"position\":1,\"name\":\"Home\",\"item\":\"https:\/\/niseusgroup.com\/\"},{\"@type\":\"ListItem\",\"position\":2,\"name\":\"Rent a Mercedes Viano in Ibiza\"}]},{\"@type\":\"WebSite\",\"@id\":\"https:\/\/niseusgroup.com\/#website\",\"url\":\"https:\/\/niseusgroup.com\/\",\"name\":\"Niseus Group Concierge\",\"description\":\"\",\"publisher\":{\"@id\":\"https:\/\/niseusgroup.com\/#organization\"},\"potentialAction\":[{\"@type\":\"SearchAction\",\"target\":{\"@type\":\"EntryPoint\",\"urlTemplate\":\"https:\/\/niseusgroup.com\/?s={search_term_string}\"},\"query-input\":\"required name=search_term_string\"}],\"inLanguage\":\"es\"},{\"@type\":\"Organization\",\"@id\":\"https:\/\/niseusgroup.com\/#organization\",\"name\":\"Niseus Group\",\"url\":\"https:\/\/niseusgroup.com\/\",\"logo\":{\"@type\":\"ImageObject\",\"inLanguage\":\"es\",\"@id\":\"https:\/\/niseusgroup.com\/#\/schema\/logo\/image\/\",\"url\":\"https:\/\/niseusgroup.com\/wp-content\/uploads\/2024\/06\/niseus-group-concierge-logo.png\",\"contentUrl\":\"https:\/\/niseusgroup.com\/wp-content\/uploads\/2024\/06\/niseus-group-concierge-logo.png\",\"width\":512,\"height\":512,\"caption\":\"Niseus Group\"},\"image\":{\"@id\":\"https:\/\/niseusgroup.com\/#\/schema\/logo\/image\/\"},\"sameAs\":[\"https:\/\/facebook.com\/niseusgroup\",\"https:\/\/www.instagram.com\/niseusgroup\/\",\"https:\/\/www.linkedin.com\/company\/niseusgroup\/\"]},{\"@type\":\"Person\",\"@id\":\"https:\/\/niseusgroup.com\/#\/schema\/person\/9d9d551cadb17a30538183cb35b4999d\",\"name\":\"Alejandro\",\"image\":{\"@type\":\"ImageObject\",\"inLanguage\":\"es\",\"@id\":\"https:\/\/niseusgroup.com\/#\/schema\/person\/image\/\",\"url\":\"https:\/\/secure.gravatar.com\/avatar\/581b6eb705bf112bf4f515d25c5d2cadd976ce8a950b1a843b43f41ac321fa6a?s=96&d=mm&r=g\",\"contentUrl\":\"https:\/\/secure.gravatar.com\/avatar\/581b6eb705bf112bf4f515d25c5d2cadd976ce8a950b1a843b43f41ac321fa6a?s=96&d=mm&r=g\",\"caption\":\"Alejandro\"},\"sameAs\":[\"https:\/\/niseusgroup.com\"]}]}<\/script>\n<!-- \/ Yoast SEO plugin. -->","yoast_head_json":{"title":"Rent a Mercedes Viano in Ibiza - Niseus Group","description":"Rent a Mercedes Benz Viano or Vito in Ibiza, choose the days and chauffeur service. Contact us for prices S-Class, G-Class, E-Class.","robots":{"index":"index","follow":"follow","max-snippet":"max-snippet:-1","max-image-preview":"max-image-preview:large","max-video-preview":"max-video-preview:-1"},"canonical":"https:\/\/niseusgroup.com\/es\/blog\/rent-mercedes-viano-in-ibiza\/","og_locale":"es_ES","og_type":"article","og_title":"Rent a Mercedes Viano in Ibiza - Niseus Group","og_description":"Rent a Mercedes Benz Viano or Vito in Ibiza, choose the days and chauffeur service. Contact us for prices S-Class, G-Class, E-Class.","og_url":"https:\/\/niseusgroup.com\/es\/blog\/rent-mercedes-viano-in-ibiza\/","og_site_name":"Niseus Group","article_publisher":"https:\/\/facebook.com\/niseusgroup","article_published_time":"2024-07-25T06:08:06+00:00","article_modified_time":"2025-03-28T09:16:42+00:00","og_image":[{"width":1000,"height":500,"url":"https:\/\/niseusgroup.com\/wp-content\/uploads\/2024\/07\/rental-mercedes-viano-ibiza.jpg","type":"image\/jpeg"}],"author":"Alejandro","twitter_card":"summary_large_image","twitter_misc":{"Escrito por":"Alejandro","Tiempo de lectura":"4 minutos"},"schema":{"@context":"https:\/\/schema.org","@graph":[{"@type":"Article","@id":"https:\/\/niseusgroup.com\/blog\/rent-mercedes-viano-in-ibiza\/#article","isPartOf":{"@id":"https:\/\/niseusgroup.com\/blog\/rent-mercedes-viano-in-ibiza\/"},"author":{"name":"Alejandro","@id":"https:\/\/niseusgroup.com\/#\/schema\/person\/9d9d551cadb17a30538183cb35b4999d"},"headline":"Rent a Mercedes Viano in Ibiza","datePublished":"2024-07-25T06:08:06+00:00","dateModified":"2025-03-28T09:16:42+00:00","mainEntityOfPage":{"@id":"https:\/\/niseusgroup.com\/blog\/rent-mercedes-viano-in-ibiza\/"},"wordCount":593,"commentCount":0,"publisher":{"@id":"https:\/\/niseusgroup.com\/#organization"},"image":{"@id":"https:\/\/niseusgroup.com\/blog\/rent-mercedes-viano-in-ibiza\/#primaryimage"},"thumbnailUrl":"https:\/\/niseusgroup.com\/wp-content\/uploads\/2024\/07\/rental-mercedes-viano-ibiza.jpg","articleSection":["Blog"],"inLanguage":"es","potentialAction":[{"@type":"CommentAction","name":"Comment","target":["https:\/\/niseusgroup.com\/blog\/rent-mercedes-viano-in-ibiza\/#respond"]}]},{"@type":"WebPage","@id":"https:\/\/niseusgroup.com\/blog\/rent-mercedes-viano-in-ibiza\/","url":"https:\/\/niseusgroup.com\/blog\/rent-mercedes-viano-in-ibiza\/","name":"Rent a Mercedes Viano in Ibiza - Niseus Group","isPartOf":{"@id":"https:\/\/niseusgroup.com\/#website"},"primaryImageOfPage":{"@id":"https:\/\/niseusgroup.com\/blog\/rent-mercedes-viano-in-ibiza\/#primaryimage"},"image":{"@id":"https:\/\/niseusgroup.com\/blog\/rent-mercedes-viano-in-ibiza\/#primaryimage"},"thumbnailUrl":"https:\/\/niseusgroup.com\/wp-content\/uploads\/2024\/07\/rental-mercedes-viano-ibiza.jpg","datePublished":"2024-07-25T06:08:06+00:00","dateModified":"2025-03-28T09:16:42+00:00","description":"Rent a Mercedes Benz Viano or Vito in Ibiza, choose the days and chauffeur service. Contact us for prices S-Class, G-Class, E-Class.","breadcrumb":{"@id":"https:\/\/niseusgroup.com\/blog\/rent-mercedes-viano-in-ibiza\/#breadcrumb"},"inLanguage":"es","potentialAction":[{"@type":"ReadAction","target":["https:\/\/niseusgroup.com\/blog\/rent-mercedes-viano-in-ibiza\/"]}]},{"@type":"ImageObject","inLanguage":"es","@id":"https:\/\/niseusgroup.com\/blog\/rent-mercedes-viano-in-ibiza\/#primaryimage","url":"https:\/\/niseusgroup.com\/wp-content\/uploads\/2024\/07\/rental-mercedes-viano-ibiza.jpg","contentUrl":"https:\/\/niseusgroup.com\/wp-content\/uploads\/2024\/07\/rental-mercedes-viano-ibiza.jpg","width":1000,"height":500},{"@type":"BreadcrumbList","@id":"https:\/\/niseusgroup.com\/blog\/rent-mercedes-viano-in-ibiza\/#breadcrumb","itemListElement":[{"@type":"ListItem","position":1,"name":"Home","item":"https:\/\/niseusgroup.com\/"},{"@type":"ListItem","position":2,"name":"Rent a Mercedes Viano in Ibiza"}]},{"@type":"WebSite","@id":"https:\/\/niseusgroup.com\/#website","url":"https:\/\/niseusgroup.com\/","name":"Niseus Group Concierge","description":"","publisher":{"@id":"https:\/\/niseusgroup.com\/#organization"},"potentialAction":[{"@type":"SearchAction","target":{"@type":"EntryPoint","urlTemplate":"https:\/\/niseusgroup.com\/?s={search_term_string}"},"query-input":"required name=search_term_string"}],"inLanguage":"es"},{"@type":"Organization","@id":"https:\/\/niseusgroup.com\/#organization","name":"Niseus Group","url":"https:\/\/niseusgroup.com\/","logo":{"@type":"ImageObject","inLanguage":"es","@id":"https:\/\/niseusgroup.com\/#\/schema\/logo\/image\/","url":"https:\/\/niseusgroup.com\/wp-content\/uploads\/2024\/06\/niseus-group-concierge-logo.png","contentUrl":"https:\/\/niseusgroup.com\/wp-content\/uploads\/2024\/06\/niseus-group-concierge-logo.png","width":512,"height":512,"caption":"Niseus Group"},"image":{"@id":"https:\/\/niseusgroup.com\/#\/schema\/logo\/image\/"},"sameAs":["https:\/\/facebook.com\/niseusgroup","https:\/\/www.instagram.com\/niseusgroup\/","https:\/\/www.linkedin.com\/company\/niseusgroup\/"]},{"@type":"Person","@id":"https:\/\/niseusgroup.com\/#\/schema\/person\/9d9d551cadb17a30538183cb35b4999d","name":"Alejandro","image":{"@type":"ImageObject","inLanguage":"es","@id":"https:\/\/niseusgroup.com\/#\/schema\/person\/image\/","url":"https:\/\/secure.gravatar.com\/avatar\/581b6eb705bf112bf4f515d25c5d2cadd976ce8a950b1a843b43f41ac321fa6a?s=96&d=mm&r=g","contentUrl":"https:\/\/secure.gravatar.com\/avatar\/581b6eb705bf112bf4f515d25c5d2cadd976ce8a950b1a843b43f41ac321fa6a?s=96&d=mm&r=g","caption":"Alejandro"},"sameAs":["https:\/\/niseusgroup.com"]}]}},"_links":{"self":[{"href":"https:\/\/niseusgroup.com\/es\/wp-json\/wp\/v2\/posts\/25795","targetHints":{"allow":["GET"]}}],"collection":[{"href":"https:\/\/niseusgroup.com\/es\/wp-json\/wp\/v2\/posts"}],"about":[{"href":"https:\/\/niseusgroup.com\/es\/wp-json\/wp\/v2\/types\/post"}],"author":[{"embeddable":true,"href":"https:\/\/niseusgroup.com\/es\/wp-json\/wp\/v2\/users\/1"}],"replies":[{"embeddable":true,"href":"https:\/\/niseusgroup.com\/es\/wp-json\/wp\/v2\/comments?post=25795"}],"version-history":[{"count":6,"href":"https:\/\/niseusgroup.com\/es\/wp-json\/wp\/v2\/posts\/25795\/revisions"}],"predecessor-version":[{"id":25805,"href":"https:\/\/niseusgroup.com\/es\/wp-json\/wp\/v2\/posts\/25795\/revisions\/25805"}],"wp:featuredmedia":[{"embeddable":true,"href":"https:\/\/niseusgroup.com\/es\/wp-json\/wp\/v2\/media\/25798"}],"wp:attachment":[{"href":"https:\/\/niseusgroup.com\/es\/wp-json\/wp\/v2\/media?parent=25795"}],"wp:term":[{"taxonomy":"category","embeddable":true,"href":"https:\/\/niseusgroup.com\/es\/wp-json\/wp\/v2\/categories?post=25795"},{"taxonomy":"post_tag","embeddable":true,"href":"https:\/\/niseusgroup.com\/es\/wp-json\/wp\/v2\/tags?post=25795"}],"curies":[{"name":"wp","href":"https:\/\/api.w.org\/{rel}","templated":true}]}}